{"id":73,"__str__":"Lei Ordin\u00e1ria n\u00ba 957, de 27 de outubro de 2021","link_detail_backend":"/norma/73","metadata":{},"texto_integral":"http://sapl.conceicaodocoite.ba.leg.br/media/sapl/public/normajuridica/2021/73/lei_957_27102021_plano_atencao_educacional.pdf","numero":"957","ano":2021,"esfera_federacao":"M","data":"2021-10-27","data_publicacao":"2021-10-27","veiculo_publicacao":"Di\u00e1rio Oficial do Munic\u00edpio","pagina_inicio_publicacao":2,"pagina_fim_publicacao":3,"ementa":"Institui o Plano de Aten\u00e7\u00e3o Educacional Especializado para os alunos diagnosticados com transtornos espec\u00edficos de aprendizagem  nas Institui\u00e7\u00f5es de Ensino e d\u00e1 outras provid\u00eancias.","indexacao":"educa\u00e7\u00e3o b\u00e1sica\r\nplano\r\ntranstornos\r\naprendizagem\r\ndist\u00farbio\r\npedag\u00f3gico\r\nrede municipal\r\nensino\r\ncampanhas\r\ndificuldades","observacao":"","complemento":false,"data_vigencia":"2021-10-27","timestamp":"2021-10-28T11:50:32.920607-03:00","data_ultima_atualizacao":"2021-10-28T11:50:33.117807-03:00","ip":"131.221.74.213","ultima_edicao":"2021-10-28T11:47:15.500009-03:00","tipo":3,"materia":124,"orgao":null,"user":3,"assuntos":[27,38,29],"autores":[15]}