{"id":32338,"__str__":"Projeto de Lei Ordin\u00e1ria n\u00ba 42 de 2025 | 3 APRECIA\u00c7\u00c3O - 3o Voto pela APROVA\u00c7\u00c3O | 27/02/2026","link_detail_backend":"/materia/tramitacao/32338","metadata":{},"timestamp":"2026-02-27T12:44:05.461901-03:00","data_tramitacao":"2026-02-27","data_encaminhamento":"2026-02-27","urgente":false,"turno":"","texto":"CERTID\u00c3O DE DECURSO DE PRAZO\t\t\t\t\t\t\t\r\n\t\t\t\t\t\t\t\r\n\t\t\t\t\t\t\t\r\nPLO 42/2025 - Projeto de Lei Ordin\u00e1ria\u00a0\t\t\t\t\t\t\t\r\n\t\t\t\t\t\t\t\r\nAutoria:\tElizane Cana Brasil\t\t\t\t\t\t\r\nEmenta:\t\t\t\t\t\t\t\r\nAltera a Lei 1035/2023.\t\t\t\t\t\t\t\r\n\t\t\t\t\t\t\t\r\n\t\t\t\t\t\t\t\r\n\t\t\t\t\t\t\t\r\nCERTIFICAMOS a perda do prazo para emitir Voto na aprecia\u00e7\u00e3o da proposi\u00e7\u00e3o \t\t\t\t\t\t\t\r\nacima identificada em:\t\t\t25/02/2026\t, por \tLindo de Neuza\t\t\r\n\t\t\t\t\t\t\t\r\nE, nos termos do Art. 31, \u00a7 7\u00ba, do C\u00f3digo de Processo Legislativo, fica adotado o\t\t\t\t\t\t\t\r\n\t\t\t\t\t\t\t\r\n\tVOTO PELA APROVA\u00c7\u00c3O \t\t\t\t\t\t\r\n\t\t\t\t\t\t\t\r\n\t\t\t\t\t\t\t\r\n\t\t\t\t\t\t\t\r\n\t\t\t\t\t\t\t\r\n\t\t\tCoordena\u00e7\u00e3o Parlamentar","data_fim_prazo":null,"ip":"170.0.69.251","ultima_edicao":"2026-02-27T12:43:09.325946-03:00","status":11,"materia":2870,"unidade_tramitacao_local":2,"unidade_tramitacao_destino":2,"user":3}