{"id":32079,"__str__":"Projeto de Lei Ordin\u00e1ria n\u00ba 3 de 2026 | 1 ACEITA\u00c7\u00c3O - Aguarda Parecer Jur\u00eddico | 20/02/2026","link_detail_backend":"/materia/tramitacao/32079","metadata":{},"timestamp":"2026-02-20T08:43:53.996855-03:00","data_tramitacao":"2026-02-20","data_encaminhamento":"2026-02-23","urgente":false,"turno":"","texto":"Concei\u00e7\u00e3o do Coit\u00e9 - Bahia\t\t\t\t\r\n\t\tPODER LEGISLATIVO\t\t\t\t\r\n\t\tCoordena\u00e7\u00e3o Parlamentar\t\t\t\t\r\n\t\t\t\t\t\t\r\n\t\t\t\t\t\t\r\n\t\t\t\t\t\t\r\n\t\t\t\t\t\t\r\n\t\t\t\t\t\t\r\n\t\t\t\t\t\t\r\nRemessa / Notifica\u00e7\u00e3o de Prazo Processual.\t\t\t\t\t\t\r\nPara\tAssessoria Juridica\t\t\t\t\t\r\n.  Fica notificado(a) para\t\t\tAprecia\u00e7\u00e3o Jur\u00eddica\t\t\t\r\n\t\t\t\t\t\t\r\n. Referente a proposi\u00e7\u00e3o:\t\t\t\t\t\t\r\nPLO 3/2026 - Projeto de Lei Ordin\u00e1ria\u00a0\t\t\t\t\t\t\r\n. Autoria:\tDilton Santana\t\t\t\t\t\r\n. Ementa:\t\t\t\t\t\t\r\nDenomina a concentra\u00e7\u00e3o de trios el\u00e9tricos e blocos na Micareta de Concei\u00e7\u00e3\t\t\t\t\t\t\r\no do Coit\u00e9.\t\t\t\t\t\t\r\n\t\t\t\t\t\t\r\n\t\t\t\t\t\t\r\n. Regime de Tramita\u00e7\u00e3o:\t\t\tNormal\t\t\t\r\n. Prazo:\t5\tdias \u00fateis\t\t\t\t\r\n\t\t\t\t\t\t\r\n. Nos termos do C\u00f3digo de  Processo Legislativo. \t\t\t\t\t\t\r\n\t\t\t\t\t\t\r\n\t\t\t\t\t\t\r\n\t\tConsultoria Legislativa","data_fim_prazo":"2026-02-27","ip":"170.0.69.69","ultima_edicao":"2026-02-20T08:42:49.495859-03:00","status":41,"materia":3274,"unidade_tramitacao_local":6,"unidade_tramitacao_destino":10,"user":6}