{"id":31794,"__str__":"Requerimento n\u00ba 10 de 2026 | 1 ACEITA\u00c7\u00c3O - Aceito. Incluir no Expediente. | 30/01/2026","link_detail_backend":"/materia/tramitacao/31794","metadata":{},"timestamp":"2026-01-30T19:59:49.912358-03:00","data_tramitacao":"2026-01-30","data_encaminhamento":null,"urgente":false,"turno":"","texto":"Com t\u00e9rmino do Recesso Parlamentar. Aceito incluir no Expediente da Sess\u00e3o ordin\u00e1ria do dia 02/02/2026\r\n\r\nJos\u00e9 Jailmo Pereira Gomes\r\nPresidente","data_fim_prazo":null,"ip":"138.117.182.5","ultima_edicao":"2026-01-30T19:59:38.897923-03:00","status":72,"materia":3250,"unidade_tramitacao_local":6,"unidade_tramitacao_destino":7,"user":33}