{"id":31773,"__str__":"Projeto de Lei Ordin\u00e1ria n\u00ba 1 de 2026 | 6 PROMULGA\u00c7\u00c3O - Aguarda Promulga\u00e7\u00e3o | 28/01/2026","link_detail_backend":"/materia/tramitacao/31773","metadata":{},"timestamp":"2026-01-28T09:33:04.440881-03:00","data_tramitacao":"2026-01-28","data_encaminhamento":"2026-01-29","urgente":false,"turno":"","texto":"Concei\u00e7\u00e3o do Coit\u00e9 - Bahia\t\t\t\t\r\n\t\t\tPODER LEGISLATIVO\t\t\t\t\r\n\t\t\tGABINETE DO PRESIDENTE\t\t\t\t\r\n\t\t\t\t\t\t\t\r\n\t\t\t\t\t\t\t\r\n\tOf\u00edcio Remessa de Aut\u00f3grafo\t\t\t\t\t\t\r\n\t\t\t\t\t\t\t\r\n\t\t\t\t\t\t\t\r\n\t\t\t\t\t\t\t\r\n\t\t\t\t\t\t\t\r\n\tSr. Prefeito Municipal\t\t\t\t\t\t\r\n\t\t\t\t\t\t\t\r\n\t\t\t\t\t\t\t\r\n\tPLO 1/2026 - Projeto de Lei Ordin\u00e1ria\u00a0\t\t\t\t\t\t\r\n\t\t\t\t\t\t\t\r\n\tAutoria:\tPoder Executivo\t\t\t\t\t\r\n\tEmenta:\t\t\t\t\t\t\r\n\tInstitui a garantia \u00e0 redu\u00e7\u00e3o da jornada de trabalho aos servidores p\u00fablico\t\t\t\t\t\t\r\n\ts municipais - tea\t\t\t\t\t\t\r\n\t\t\t\t\t\t\t\r\n\t\t\t\t\t\t\t\r\n\t\t\t\t\t\t\t\r\n\tNos termos do Art. 52 da Lei Org\u00e2nica Municipal, encaminhamos a V. Excel\u00eancia\t\t\t\t\t\t\r\n\to Aut\u00f3grafo da proposi\u00e7\u00e3o acima epigrafada para fins de san\u00e7\u00e3o e promulga\u00e7\u00e3o.\t\t\t\t\t\t\r\n\t\t\t\t\t\t\t\r\n\tSeguem em anexo arquivos do citado Aut\u00f3grafo nos formatos \"docx\" e \"pdf\".\t\t\t\t\t\t\r\n\t\t\t\t\t\t\t\r\n\t\t\t\t\t\t\t\r\n\tAtenciosamente,\t\t\t\t\t\t\r\n\t\t\t\t\t\t\t\r\n\t\tConcei\u00e7\u00e3o do Coit\u00e9,\t28  janeiro, 2026\t\t\t\t\r\n\t\t\t\t\t\t\t\r\n\t\t\t\t\t\t\t\r\n\t\t\t\t\t\t\t\r\n\t\t\t\t\t\t\t\r\n\tJos\u00e9 Jailmo Pereira Gomes - Presidente da C\u00e2mara","data_fim_prazo":"2026-02-23","ip":"179.42.70.102","ultima_edicao":"2026-01-28T09:31:57.673606-03:00","status":68,"materia":3237,"unidade_tramitacao_local":7,"unidade_tramitacao_destino":7,"user":6}