{"id":9963,"__str__":"Mo\u00e7\u00e3o - Mo\u00e7\u00e3o de Aplauso de 12/03/2026 por ","link_detail_backend":"/materia/documentoacessorio/9963","metadata":{"signs":{"arquivo":{"admin":[],"autores":[["Elizane de Pinho Cana Brasil",["2026-03-12T10:43:29-03:00","Gov-Br"]],["Jose Jailmo Pereira Gomes",["2026-03-12T08:39:35-03:00","ICP-Brasil - Certificado PF A3"]]]}}},"nome":"Mo\u00e7\u00e3o de Aplauso","data":"2026-03-12","autor":"","ementa":"","indexacao":"","arquivo":"http://sapl.conceicaodocoite.ba.leg.br/media/sapl/public/documentoacessorio/2026/9963/mocao_aplausos_luzia_-_grupo_de_jovens_da_assembleia_de_deus_assinado.pdf","data_ultima_atualizacao":"2026-03-12T10:45:34.714418-03:00","materia":3261,"tipo":44}