{"id":9961,"__str__":"Mo\u00e7\u00e3o - Mo\u00e7\u00e3o de Aplauso de 12/03/2026 por Manu Resed\u00e1","link_detail_backend":"/materia/documentoacessorio/9961","metadata":{"signs":{"arquivo":{"admin":[],"autores":[["Elizane de Pinho Cana Brasil",["2026-03-12T10:39:19-03:00","Gov-Br"]],["Jose Jailmo Pereira Gomes",["2026-03-12T08:43:15-03:00","ICP-Brasil - Certificado PF A3"]]]}}},"nome":"Mo\u00e7\u00e3o de Aplauso","data":"2026-03-12","autor":"Manu Resed\u00e1","ementa":"","indexacao":"","arquivo":"http://sapl.conceicaodocoite.ba.leg.br/media/sapl/public/documentoacessorio/2026/9961/mocao_aplausos_manu_-_david_macedo_faresi_assinado.pdf","data_ultima_atualizacao":"2026-03-12T10:40:12.641401-03:00","materia":3286,"tipo":44}