{"id":9942,"__str__":"Mo\u00e7\u00e3o - Minuta de 10/03/2026 por Man\u00fa Resed\u00e1","link_detail_backend":"/materia/documentoacessorio/9942","metadata":{},"nome":"Minuta","data":"2026-03-10","autor":"Man\u00fa Resed\u00e1","ementa":"Mo\u00e7\u00e3o de aplauso para o Sr. Davi macedo.","indexacao":"","arquivo":"http://sapl.conceicaodocoite.ba.leg.br/media/sapl/public/documentoacessorio/2026/9942/mocao_aplausos_manu_-_david_macedo_faresi.pdf","data_ultima_atualizacao":"2026-03-10T10:09:36.484709-03:00","materia":3286,"tipo":44}