{"id":9799,"__str__":"Mo\u00e7\u00e3o - Mo\u00e7\u00e3o de Aplauso de 12/02/2026 por Manu Resed\u00e1","link_detail_backend":"/materia/documentoacessorio/9799","metadata":{"signs":{"arquivo":{"admin":[],"autores":[["Elizane de Pinho Cana Brasil",["2026-02-12T12:49:15-03:00","ICP-Brasil - Certificado PF A1"]],["Jose Jailmo Pereira Gomes",["2026-02-12T12:27:54-03:00","ICP-Brasil - Certificado PF A3"]]]}}},"nome":"Mo\u00e7\u00e3o de Aplauso","data":"2026-02-12","autor":"Manu Resed\u00e1","ementa":"","indexacao":"","arquivo":"http://sapl.conceicaodocoite.ba.leg.br/media/sapl/public/documentoacessorio/2026/9799/mocao_aplausos_manu_-_sindicato_rural_assinado.pdf","data_ultima_atualizacao":"2026-02-12T12:50:26.044532-03:00","materia":3255,"tipo":44}