{"id":9724,"__str__":"Aut\u00f3grafo - Minuta do autografo de 28/01/2026 por Coodena\u00e7\u00e3o parlamentar","link_detail_backend":"/materia/documentoacessorio/9724","metadata":{},"nome":"Minuta do autografo","data":"2026-01-28","autor":"Coodena\u00e7\u00e3o parlamentar","ementa":"Minuta do autografo","indexacao":"","arquivo":"http://sapl.conceicaodocoite.ba.leg.br/media/sapl/public/documentoacessorio/2026/9724/autografo_plo_01_2026_executivo_carga_horaria_tea.docx","data_ultima_atualizacao":"2026-01-28T08:18:22.582010-03:00","materia":3237,"tipo":17}