{"id":9723,"__str__":"Doc. Vers\u00e3o Word - Doc. Vers\u00e3o Word de 27/01/2026 por Poder Executivo","link_detail_backend":"/materia/documentoacessorio/9723","metadata":{},"nome":"Doc. Vers\u00e3o Word","data":"2026-01-27","autor":"Poder Executivo","ementa":"Institui a garantia \u00e0 redu\u00e7\u00e3o da jornada de trabalho aos servidores p\u00fablicos municipais que possuam filho (s) ou dependente(s) com diagn\u00f3stico de Transtorno do Espectro Autista (TEA).","indexacao":"","arquivo":"http://sapl.conceicaodocoite.ba.leg.br/media/sapl/public/documentoacessorio/2026/9723/projeto_lei_-_reducao_carga_horaria_servidores_pais_tea_2.docx","data_ultima_atualizacao":"2026-01-28T07:59:51.178702-03:00","materia":3237,"tipo":42}