{"id":894,"__str__":"Of\u00edcio - Remete Aut\u00f3grafo de 21/07/2021 por Presidente da C\u00e2mara","link_detail_backend":"/materia/documentoacessorio/894","metadata":{},"nome":"Remete Aut\u00f3grafo","data":"2021-07-21","autor":"Presidente da C\u00e2mara","ementa":"PLO 47/2021 - Remete Aut\u00f3grafo","indexacao":"","arquivo":"http://sapl.conceicaodocoite.ba.leg.br/media/sapl/public/documentoacessorio/2021/894/autografo_plo_47_2021_rup_cmfac_fumac_oficio.pdf","data_ultima_atualizacao":"2021-07-22T20:06:10.622953-03:00","materia":303,"tipo":12}