{"id":217,"__str__":"Parecer Jur\u00eddico - PARECER JUR\u00cdDICO de 27/03/2021 por ","link_detail_backend":"/materia/documentoacessorio/217","metadata":{},"nome":"PARECER JUR\u00cdDICO","data":"2021-03-27","autor":"","ementa":"","indexacao":"","arquivo":"http://sapl.conceicaodocoite.ba.leg.br/media/sapl/public/documentoacessorio/2021/217/07042021_parecer_juridico_pl_23.pdf","data_ultima_atualizacao":"2021-04-09T08:56:46.104896-03:00","materia":129,"tipo":1}